{"id":56922,"date":"2017-04-19T16:20:23","date_gmt":"2017-04-19T16:20:23","guid":{"rendered":"http:\/\/elluchador.info\/web\/?p=56922"},"modified":"2017-04-19T16:20:23","modified_gmt":"2017-04-19T16:20:23","slug":"jorge-rodriguez-hoy-reafirmamos-en-las-calles-nuestro-derecho-al-futuro-y-a-la-patria","status":"publish","type":"post","link":"https:\/\/elluchador.info\/?p=56922","title":{"rendered":"Jorge Rodr\u00edguez: \u201cHoy reafirmamos en las calles nuestro derecho al futuro y a la patria\u201d"},"content":{"rendered":"<p style=\"text-align: justify;\">El alcalde de Caracas, Jorge Rodr\u00edguez, <strong>manifest\u00f3 este mi\u00e9rcoles que hoy el pueblo patriota en la calle reafirma su derecho a la patria<\/strong>, a su patria, a su soberan\u00eda e independencia.<span id=\"more-332110\"><\/span><\/p>\n<p style=\"text-align: justify;\">\u201cLo que estamos reafirmando hoy en las calles de Caracas y Venezuela es nuestro derecho al futuro, nuestro derecho a la patria (\u2026) y a la paz de todo\u201d, expres\u00f3 desde el Palacio Municipal, en Caracas.<\/p>\n<p style=\"text-align: justify;\">En la conmemoraci\u00f3n de los 207 a\u00f1os del 19 de abril de 1810, cuando Venezuela dio el primero paso hacia su independencia, tambi\u00e9n indic\u00f3 que el pueblo venezolano no dejar\u00e1 que la violencia y el terrorismo se imponga en el devenir de la pol\u00edtica nacional.<\/p>\n<p style=\"text-align: justify;\">Con informaci\u00f3n de <strong>AVN<\/strong>.<\/p>\n","protected":false},"excerpt":{"rendered":"<p>El alcalde de Caracas, Jorge Rodr\u00edguez, manifest\u00f3 este mi\u00e9rcoles que hoy el pueblo patriota en la calle reafirma su derecho a la patria, a su patria, a su soberan\u00eda e independencia. \u201cLo que estamos reafirmando hoy en las calles de Caracas y Venezuela es nuestro derecho al futuro, nuestro derecho a la patria (\u2026) y [&hellip;]<\/p>\n","protected":false},"author":2,"featured_media":56924,"comment_status":"closed","ping_status":"closed","sticky":false,"template":"","format":"standard","meta":{"footnotes":""},"categories":[11],"tags":[],"class_list":{"0":"post-56922","1":"post","2":"type-post","3":"status-publish","4":"format-standard","5":"has-post-thumbnail","7":"category-politica"},"_links":{"self":[{"href":"https:\/\/elluchador.info\/index.php?rest_route=\/wp\/v2\/posts\/56922","targetHints":{"allow":["GET"]}}],"collection":[{"href":"https:\/\/elluchador.info\/index.php?rest_route=\/wp\/v2\/posts"}],"about":[{"href":"https:\/\/elluchador.info\/index.php?rest_route=\/wp\/v2\/types\/post"}],"author":[{"embeddable":true,"href":"https:\/\/elluchador.info\/index.php?rest_route=\/wp\/v2\/users\/2"}],"replies":[{"embeddable":true,"href":"https:\/\/elluchador.info\/index.php?rest_route=%2Fwp%2Fv2%2Fcomments&post=56922"}],"version-history":[{"count":0,"href":"https:\/\/elluchador.info\/index.php?rest_route=\/wp\/v2\/posts\/56922\/revisions"}],"wp:featuredmedia":[{"embeddable":true,"href":"https:\/\/elluchador.info\/index.php?rest_route=\/wp\/v2\/media\/56924"}],"wp:attachment":[{"href":"https:\/\/elluchador.info\/index.php?rest_route=%2Fwp%2Fv2%2Fmedia&parent=56922"}],"wp:term":[{"taxonomy":"category","embeddable":true,"href":"https:\/\/elluchador.info\/index.php?rest_route=%2Fwp%2Fv2%2Fcategories&post=56922"},{"taxonomy":"post_tag","embeddable":true,"href":"https:\/\/elluchador.info\/index.php?rest_route=%2Fwp%2Fv2%2Ftags&post=56922"}],"curies":[{"name":"wp","href":"https:\/\/api.w.org\/{rel}","templated":true}]}}