{"id":56934,"date":"2017-04-19T16:34:41","date_gmt":"2017-04-19T16:34:41","guid":{"rendered":"http:\/\/elluchador.info\/web\/?p=56934"},"modified":"2017-04-19T16:36:36","modified_gmt":"2017-04-19T16:36:36","slug":"opositores-vuelven-a-salir-a-las-calles-para-protestar","status":"publish","type":"post","link":"https:\/\/elluchador.info\/?p=56934","title":{"rendered":"Venezolanos vuelven a salir a las calles para protestar"},"content":{"rendered":"<div class=\"row\">\n<div class=\" col-md-offset-1 col-md-10 col-xs-12 col-print-12\">\n<div class=\"row\">\n<div class=\" col-md-offset-1 col-md-10 col-xs-12 col-print-12\">\n<p class=\"element element-paragraph\">Desde las 10:00 de la ma\u00f1ana, <strong>los venezolanos comenzaron a concentrarse en 26 puntos de Caracas<\/strong> para marchar hacia la <strong>Defensor\u00eda del Pueblo<\/strong>. En tanto, el oficialismo anunci\u00f3 que no los dejar\u00e1 acercar al edificio y <strong>se temen choques<\/strong> entre las facciones.<\/p>\n<\/div>\n<\/div>\n<div class=\"row\">\n<figure class=\"element element-image\">\n<div class=\" col-md-push-1 col-md-10 caption-below \">\n<div class=\"single-image\">\n<div class=\"shares\"><\/div>\n<p><img decoding=\"async\" id=\"LHUBUFIWDBCQHLE5CU6BSA3WB4\" class=\"image-lazy\" src=\"http:\/\/www.infobae.com\/new-resizer\/YZSCOYOWH8SsFZRhra0acfQA-ec=\/600x0\/s3.amazonaws.com\/arc-wordpress-client-uploads\/infobae-wp\/wp-content\/uploads\/2017\/04\/19112921\/Marcha-venezuela-1920-12-1024x575.jpg?token=bar\" alt=\"Desde temprano comenzaron a concentrarse en distintos puntos de la capital\" width=\"600\" height=\"337.14285714285717\" data-url=\"http:\/\/www.infobae.com\/america\/venezuela\/2017\/04\/19\/los-venezolanos-vuelven-a-salir-a-las-calles-para-protestar-contra-el-regimen-de-nicolas-maduro\/%23LHUBUFIWDBCQHLE5CU6BSA3WB4\" data-original=\"http:\/\/www.infobae.com\/new-resizer\/YZSCOYOWH8SsFZRhra0acfQA-ec=\/600x0\/s3.amazonaws.com\/arc-wordpress-client-uploads\/infobae-wp\/wp-content\/uploads\/2017\/04\/19112921\/Marcha-venezuela-1920-12-1024x575.jpg?token=bar\" \/><\/p>\n<\/div>\n<\/div><figcaption class=\" col-md-push-1 col-md-10 caption-below \"><span class=\"credit\">Desde temprano comenzaron a concentrarse en distintos puntos de la capital<\/span><\/figcaption><\/figure>\n<\/div>\n<div class=\"row\">\n<figure class=\"element element-image\">\n<div class=\" col-md-push-1 col-md-10 caption-below \">\n<div class=\"single-image\">\n<div class=\"shares\"><\/div>\n<p><img decoding=\"async\" id=\"DYHSHI7K2VH4JK4R3AW2HTDHRY\" class=\"image-lazy\" src=\"http:\/\/www.infobae.com\/new-resizer\/FreMekLhavtg_eGRfKe2hH5y82k=\/600x0\/s3.amazonaws.com\/arc-wordpress-client-uploads\/infobae-wp\/wp-content\/uploads\/2017\/04\/19112926\/Marcha-venezuela-1920-22-1024x575.jpg?token=bar\" alt=\"Tambi\u00e9n hay marchas en todo el pa\u00eds\" width=\"600\" height=\"337.14285714285717\" data-url=\"http:\/\/www.infobae.com\/america\/venezuela\/2017\/04\/19\/los-venezolanos-vuelven-a-salir-a-las-calles-para-protestar-contra-el-regimen-de-nicolas-maduro\/%23DYHSHI7K2VH4JK4R3AW2HTDHRY\" data-original=\"http:\/\/www.infobae.com\/new-resizer\/FreMekLhavtg_eGRfKe2hH5y82k=\/600x0\/s3.amazonaws.com\/arc-wordpress-client-uploads\/infobae-wp\/wp-content\/uploads\/2017\/04\/19112926\/Marcha-venezuela-1920-22-1024x575.jpg?token=bar\" \/><\/p>\n<\/div>\n<\/div><figcaption class=\" col-md-push-1 col-md-10 caption-below \"><span class=\"credit\">Tambi\u00e9n hay marchas en todo el pa\u00eds<\/span><\/figcaption><\/figure>\n<\/div>\n<div class=\"row\">\n<figure class=\"element element-image\">\n<div class=\" col-md-push-1 col-md-10 caption-below \">\n<div class=\"single-image\">\n<div class=\"shares\"><\/div>\n<p><img decoding=\"async\" id=\"JH2RECCH4FB5FMPDHO4L2C7MNI\" class=\"image-lazy\" src=\"http:\/\/www.infobae.com\/new-resizer\/nMsMHvjvBlFWDC5_nRnZyjjapSk=\/600x0\/s3.amazonaws.com\/arc-wordpress-client-uploads\/infobae-wp\/wp-content\/uploads\/2017\/04\/19112948\/Marcha-venezuela-1920-42-1024x575.jpg?token=bar\" alt=\"Venezuela vive momentos de tensi\u00f3n tras las anuncios de Maduro\" width=\"600\" height=\"337.14285714285717\" data-url=\"http:\/\/www.infobae.com\/america\/venezuela\/2017\/04\/19\/los-venezolanos-vuelven-a-salir-a-las-calles-para-protestar-contra-el-regimen-de-nicolas-maduro\/%23JH2RECCH4FB5FMPDHO4L2C7MNI\" data-original=\"http:\/\/www.infobae.com\/new-resizer\/nMsMHvjvBlFWDC5_nRnZyjjapSk=\/600x0\/s3.amazonaws.com\/arc-wordpress-client-uploads\/infobae-wp\/wp-content\/uploads\/2017\/04\/19112948\/Marcha-venezuela-1920-42-1024x575.jpg?token=bar\" \/><\/p>\n<\/div>\n<\/div><figcaption class=\" col-md-push-1 col-md-10 caption-below \"><span class=\"credit\">Venezuela vive momentos de tensi\u00f3n tras las anuncios de Maduro<\/span><\/figcaption><\/figure>\n<\/div>\n<div class=\"row\">\n<div class=\" col-md-offset-1 col-md-10 col-xs-12 col-print-12\">\n<p class=\"element element-paragraph\">Por estas horas, se viven <strong>momentos de tensi\u00f3n<\/strong>, alimentados por anuncios y advertencias, incluyendo acusaciones del presidente <strong>Nicol\u00e1s Maduro<\/strong> y <strong>la activaci\u00f3n de<\/strong> <strong>un plan c\u00edvico militar<\/strong> ante un supuesto golpe de Estado.<\/p>\n<\/div>\n<\/div>\n<p class=\"element element-paragraph\" style=\"text-align: justify;\">Este mi\u00e9rcoles, se conmemora\u00a0los 207 a\u00f1os de un acto popular que dio inicio a la independencia de Espa\u00f1a, <strong>el oficialismo y la oposici\u00f3n han decidido manifestarse<\/strong> enarbolando sus respectivas banderas de \u00ablibertad\u00bb, seg\u00fan sus perspectivas.<\/p>\n<div class=\"row\">\n<div class=\" col-md-offset-1 col-md-10 col-xs-12 col-print-12\">\n<p class=\"element element-paragraph\">Desde la <strong>oposici\u00f3n<\/strong>, dirigentes pol\u00edticos, artistas, acad\u00e9micos y representantes de diferentes gremios han se\u00f1alado su intenci\u00f3n de marchar y han invitado a los venezolanos a no tener miedo a la \u00ab<strong>represi\u00f3n<\/strong>\u00bb del Gobierno de Maduro.<\/p>\n<\/div>\n<\/div>\n<div class=\"row\">\n<div class=\" col-md-offset-1 col-md-10 col-xs-12 col-print-12\">\n<p class=\"element element-paragraph\">El dos veces candidato a la Presidencia <strong>Henrique Capriles<\/strong> reiter\u00f3 que la oposici\u00f3n <strong>marcha en todo el pa\u00eds contra \u00abel golpe de Estado\u00bb<\/strong> y que en Caracas los manifestantes parten desde <strong>26 puntos<\/strong> para caminar hasta la sede de la <strong>Defensor\u00eda del Pueblo<\/strong>, en el oeste de la ciudad.<\/p>\n<\/div>\n<\/div>\n<\/div>\n<\/div>\n","protected":false},"excerpt":{"rendered":"<p>Desde las 10:00 de la ma\u00f1ana, los venezolanos comenzaron a concentrarse en 26 puntos de Caracas para marchar hacia la Defensor\u00eda del Pueblo. En tanto, el oficialismo anunci\u00f3 que no los dejar\u00e1 acercar al edificio y se temen choques entre las facciones. Desde temprano comenzaron a concentrarse en distintos puntos de la capital Tambi\u00e9n hay [&hellip;]<\/p>\n","protected":false},"author":2,"featured_media":56937,"comment_status":"closed","ping_status":"closed","sticky":false,"template":"","format":"standard","meta":{"footnotes":""},"categories":[9],"tags":[],"class_list":{"0":"post-56934","1":"post","2":"type-post","3":"status-publish","4":"format-standard","5":"has-post-thumbnail","7":"category-nacionales"},"_links":{"self":[{"href":"https:\/\/elluchador.info\/index.php?rest_route=\/wp\/v2\/posts\/56934","targetHints":{"allow":["GET"]}}],"collection":[{"href":"https:\/\/elluchador.info\/index.php?rest_route=\/wp\/v2\/posts"}],"about":[{"href":"https:\/\/elluchador.info\/index.php?rest_route=\/wp\/v2\/types\/post"}],"author":[{"embeddable":true,"href":"https:\/\/elluchador.info\/index.php?rest_route=\/wp\/v2\/users\/2"}],"replies":[{"embeddable":true,"href":"https:\/\/elluchador.info\/index.php?rest_route=%2Fwp%2Fv2%2Fcomments&post=56934"}],"version-history":[{"count":0,"href":"https:\/\/elluchador.info\/index.php?rest_route=\/wp\/v2\/posts\/56934\/revisions"}],"wp:featuredmedia":[{"embeddable":true,"href":"https:\/\/elluchador.info\/index.php?rest_route=\/wp\/v2\/media\/56937"}],"wp:attachment":[{"href":"https:\/\/elluchador.info\/index.php?rest_route=%2Fwp%2Fv2%2Fmedia&parent=56934"}],"wp:term":[{"taxonomy":"category","embeddable":true,"href":"https:\/\/elluchador.info\/index.php?rest_route=%2Fwp%2Fv2%2Fcategories&post=56934"},{"taxonomy":"post_tag","embeddable":true,"href":"https:\/\/elluchador.info\/index.php?rest_route=%2Fwp%2Fv2%2Ftags&post=56934"}],"curies":[{"name":"wp","href":"https:\/\/api.w.org\/{rel}","templated":true}]}}