{"id":61069,"date":"2017-05-11T16:03:11","date_gmt":"2017-05-11T16:03:11","guid":{"rendered":"http:\/\/elluchador.info\/web\/?p=61069"},"modified":"2017-05-11T16:03:11","modified_gmt":"2017-05-11T16:03:11","slug":"oposicion-marcha-en-caracas-en-honor-a-miguel-castillo","status":"publish","type":"post","link":"https:\/\/elluchador.info\/?p=61069","title":{"rendered":"Oposici\u00f3n marcha en Caracas en honor a Miguel Castillo"},"content":{"rendered":"<p><strong>Caracas.-<\/strong>\u00a0La oposici\u00f3n convoc\u00f3 \u00a0a acompa\u00f1ar este jueves una caminata que realizar\u00e1n en Caracas hasta el lugar en el que muri\u00f3 el joven Miguel Castillo durante la manifestaci\u00f3n en el este de la ciudad y llam\u00f3 a un \u00abcacerolazo\u00bb contra el ministro de Justicia, N\u00e9stor Reverol.<\/p>\n<p><strong>El d\u00eda de ma\u00f1ana a las 10:00 de la ma\u00f1ana estaremos acompa\u00f1ando a la comunidad del Colegio San Ignacio de Loyola\u00bb, donde estudi\u00f3 \u00ab<u><a href=\"http:\/\/www.eluniversal.com\/noticias\/sucesos\/muerto-heridos-deja-jornada-protesta-caracas_652070\">el joven asesinado hoy, Miguel Castillo,<\/a><\/u>\u00a0quienes van a caminar hasta el lugar donde lamentablemente cay\u00f3 muerto\u00bb<\/strong>, dijo este mi\u00e9rcoles 10 de mayo\u00a0la diputada por la Mesa de la Unidad Democr\u00e1tica (MUD) ante la Asamblea Nacional (AN),\u00a0Delsa Sol\u00f3rzano,\u00a0en rueda de prensa.<\/p>\n<p>Asimismo, convoc\u00f3 a un \u00abcacerolazo\u00bb (que se realiz\u00f3 el d\u00eda de ayer) en\u00a0contra del\u00a0<u><strong><a href=\"http:\/\/www.eluniversal.com\/noticias\/politica\/reverol-responsabiliza-oposicion-por-muertes-este-miercoles_652086\">\u00a0ministro de Interior y Justicia, N\u00e9stor Reverol,<\/a><\/strong><\/u>\u00a0a quien calific\u00f3 de \u00abasesino\u00bb y contra \u00ablos asesinatos que est\u00e1n ocurriendo hoy en Venezuela\u00bb, en medio de las manifestaciones que se vienen desarrollando desde hace m\u00e1s de un mes, seg\u00fan rese\u00f1\u00f3 la agencia de noticias Efe.<\/p>\n<p><strong>\u00abNosotros hoy levantamos nuestra voz contra el ministro asesino de Reverol. Un fuerte \u00abcacerolazo\u00bb que retumbe en\u00a0Miraflores y que le retumbe los o\u00eddos a Reverol y a la familia de Reverol\u00bb<\/strong>, dijo al tiempo que le acus\u00f3 de ser el responsable \u00abdirecto de la muerte de todos los venezolanos\u00bb.<\/p>\n<p>La diputada que habl\u00f3 en nombre de la Mesa de la Unidad Democr\u00e1tica (MUD) pidi\u00f3 a Reverol y a todo el Gobierno \u00abque depongan las armas que est\u00e1n hoy levantadas contra el pueblo de Venezuela\u00bb.<\/p>\n<p>La MUD conden\u00f3 la muerte de Castillo que, seg\u00fan el diputado\u00a0Jos\u00e9 Manuel Olivares, fue asesinado\u00a0por \u00abla Guardia Nacional con una metra (canica)\u00bb de lo que asegur\u00f3 que tiene \u00abla evidencia\u00bb m\u00e9dica y cl\u00ednica.<\/p>\n<p><strong>\u00abSe\u00f1ora fiscal, se\u00f1or fiscal nacional 34, se\u00f1or fiscal de derechos fundamentales confiamos en el debido proceso y alertamos que tenemos la evidencia cl\u00ednica y paracl\u00ednica de que este joven fue asesinado por una metra que se le aloj\u00f3 en el t\u00f3rax izquierdo entre el diafragma y el coraz\u00f3n y hoy le arrebat\u00f3 la vida\u00bb<\/strong>, dijo.<\/p>\n<p>Por su parte, la Fiscal\u00eda explic\u00f3 en un comunicado que, de acuerdo con la informaci\u00f3n preliminar, Castillo \u00abresult\u00f3 herido por un arma de fuego\u00bb durante una manifestaci\u00f3n que se desarrollaba en el sector Las Mercedes, del municipio Baruta de Caracas.<\/p>\n<p>Por otro lado, Sol\u00f3rzano tambi\u00e9n llam\u00f3 al pa\u00eds a movilizarse el s\u00e1bado contra \u00abla muerte\u00bb y a \u00abfavor de la vida\u00bb con caravanas que dijo, \u00abir\u00e1n de punta a punta en cada rinc\u00f3n de Venezuela\u00bb.<\/p>\n<p>La oposici\u00f3n tambi\u00e9n pidi\u00f3 a sus simpatizantes ir prepar\u00e1ndose para otro \u00abplant\u00f3n nacional\u00bb en las calles el pr\u00f3ximo lunes \u00abporque Venezuela sigue levantando su voz contra la opresi\u00f3n y Venezuela sigue levantando su voz para que se respete la Constituci\u00f3n\u00bb.<\/p>\n<p>Desde hace m\u00e1s de un mes en Venezuela se desarrolla una ola de protestas y algunas de ellas han terminado en hechos de violencia que han dejado un saldo de 39 muertos y centenares de heridos.<\/p>\n<p>&nbsp;<\/p>\n<p>&nbsp;<\/p>\n<p>tomado de:\u00a0<a href=\"http:\/\/www.eluniversal.com\/noticias\/politica\/oposicion-marcha-caracas-honor-miguel-castillo_652115\">http:\/\/www.eluniversal.com\/noticias\/politica\/oposicion-marcha-caracas-honor-miguel-castillo_652115<\/a><\/p>\n","protected":false},"excerpt":{"rendered":"<p>Caracas.-\u00a0La oposici\u00f3n convoc\u00f3 \u00a0a acompa\u00f1ar este jueves una caminata que realizar\u00e1n en Caracas hasta el lugar en el que muri\u00f3 el joven Miguel Castillo durante la manifestaci\u00f3n en el este de la ciudad y llam\u00f3 a un \u00abcacerolazo\u00bb contra el ministro de Justicia, N\u00e9stor Reverol. El d\u00eda de ma\u00f1ana a las 10:00 de la ma\u00f1ana [&hellip;]<\/p>\n","protected":false},"author":2,"featured_media":61072,"comment_status":"closed","ping_status":"closed","sticky":false,"template":"","format":"standard","meta":{"footnotes":""},"categories":[11],"tags":[],"class_list":{"0":"post-61069","1":"post","2":"type-post","3":"status-publish","4":"format-standard","5":"has-post-thumbnail","7":"category-politica"},"_links":{"self":[{"href":"https:\/\/elluchador.info\/index.php?rest_route=\/wp\/v2\/posts\/61069","targetHints":{"allow":["GET"]}}],"collection":[{"href":"https:\/\/elluchador.info\/index.php?rest_route=\/wp\/v2\/posts"}],"about":[{"href":"https:\/\/elluchador.info\/index.php?rest_route=\/wp\/v2\/types\/post"}],"author":[{"embeddable":true,"href":"https:\/\/elluchador.info\/index.php?rest_route=\/wp\/v2\/users\/2"}],"replies":[{"embeddable":true,"href":"https:\/\/elluchador.info\/index.php?rest_route=%2Fwp%2Fv2%2Fcomments&post=61069"}],"version-history":[{"count":0,"href":"https:\/\/elluchador.info\/index.php?rest_route=\/wp\/v2\/posts\/61069\/revisions"}],"wp:featuredmedia":[{"embeddable":true,"href":"https:\/\/elluchador.info\/index.php?rest_route=\/wp\/v2\/media\/61072"}],"wp:attachment":[{"href":"https:\/\/elluchador.info\/index.php?rest_route=%2Fwp%2Fv2%2Fmedia&parent=61069"}],"wp:term":[{"taxonomy":"category","embeddable":true,"href":"https:\/\/elluchador.info\/index.php?rest_route=%2Fwp%2Fv2%2Fcategories&post=61069"},{"taxonomy":"post_tag","embeddable":true,"href":"https:\/\/elluchador.info\/index.php?rest_route=%2Fwp%2Fv2%2Ftags&post=61069"}],"curies":[{"name":"wp","href":"https:\/\/api.w.org\/{rel}","templated":true}]}}