{"id":65889,"date":"2017-06-07T13:11:09","date_gmt":"2017-06-07T13:11:09","guid":{"rendered":"http:\/\/elluchador.info\/web\/?p=65889"},"modified":"2017-06-07T13:11:09","modified_gmt":"2017-06-07T13:11:09","slug":"accidente-en-la-arc-deja-un-lesionado-y-una-persona-fallecida","status":"publish","type":"post","link":"https:\/\/elluchador.info\/?p=65889","title":{"rendered":"Accidente en la ARC deja un lesionado y una persona fallecida"},"content":{"rendered":"<p class=\"\">La madrugada de este mi\u00e9rcoles se registr\u00f3 una colisi\u00f3n entre veh\u00edculos en el kilometro 76 de la Autopista Regional del Centro (ARC), situaci\u00f3n que dej\u00f3 un \u00a0lesionado y una persona fallecida.<\/p>\n<p class=\"\">As\u00ed lo report\u00f3 el director de Protecci\u00f3n Civil (PC), Jorge Galindo, quien detall\u00f3 que el siniestro se registr\u00f3 en sentido Caracas, \u00a0donde fue hallado un veh\u00edculo de carga en las \u00e1reas verdes.<\/p>\n<p class=\"\">El accidente fue levantado por funcionarios de la Guardia Nacional Bolivariana (GNB), quienes se mantienen en la b\u00fasqueda de un veh\u00edculo en fuga.<\/p>\n<blockquote class=\"twitter-tweet\" data-width=\"550\" data-dnt=\"true\">\n<p lang=\"es\" dir=\"ltr\">ESTADO ARAGUA<\/p>\n<p>COLISI\u00d3N ENTRE  VEH\u00cdCULOS CON LESIONADO FUGA Y UNA PERSONA FALLECIDA OCURRIDO EN EL KM 76 SENTIDO CARACAS <a href=\"https:\/\/t.co\/ylLRdsiPol\">pic.twitter.com\/ylLRdsiPol<\/a><\/p>\n<p>&mdash; Jorge Galindo (@galindojorgeF) <a href=\"https:\/\/twitter.com\/galindojorgeF\/status\/872405468936892416?ref_src=twsrc%5Etfw\">June 7, 2017<\/a><\/p><\/blockquote>\n<p><script async src=\"https:\/\/platform.twitter.com\/widgets.js\" charset=\"utf-8\"><\/script><\/p>\n<blockquote class=\"twitter-tweet\" data-width=\"550\" data-dnt=\"true\">\n<p lang=\"es\" dir=\"ltr\">Aproximadamente a las 05:30 horas fue encontrado un  veh\u00edculo de carga en el \u00e1rea verde a la altura del km 76 de la ARC sentido Caracas <a href=\"https:\/\/t.co\/3al03vVL9g\">pic.twitter.com\/3al03vVL9g<\/a><\/p>\n<p>&mdash; Jorge Galindo (@galindojorgeF) <a href=\"https:\/\/twitter.com\/galindojorgeF\/status\/872405724621676544?ref_src=twsrc%5Etfw\">June 7, 2017<\/a><\/p><\/blockquote>\n<p><script async src=\"https:\/\/platform.twitter.com\/widgets.js\" charset=\"utf-8\"><\/script><\/p>\n<blockquote class=\"twitter-tweet\" data-width=\"550\" data-dnt=\"true\">\n<p lang=\"es\" dir=\"ltr\">El accidente del km 76 de la ARC, fue levantado por funcionarios de la GNB, quienes se encuentran tras la b\u00fasqueda del veh\u00edculo en fuga <a href=\"https:\/\/t.co\/rldLbIRuez\">pic.twitter.com\/rldLbIRuez<\/a><\/p>\n<p>&mdash; Jorge Galindo (@galindojorgeF) <a href=\"https:\/\/twitter.com\/galindojorgeF\/status\/872406608311197696?ref_src=twsrc%5Etfw\">June 7, 2017<\/a><\/p><\/blockquote>\n<p><script async src=\"https:\/\/platform.twitter.com\/widgets.js\" charset=\"utf-8\"><\/script><\/p>\n<p>Nota tomada de\u00a0<a href=\"http:\/\/globovision.com\/article\/accidente-en-la-arc-dejo-un-lesionado-y-un-fallecido\" target=\"_blank\">Globovision.com<\/a><\/p>\n","protected":false},"excerpt":{"rendered":"<p>La madrugada de este mi\u00e9rcoles se registr\u00f3 una colisi\u00f3n entre veh\u00edculos en el kilometro 76 de la Autopista Regional del Centro (ARC), situaci\u00f3n que dej\u00f3 un \u00a0lesionado y una persona fallecida. As\u00ed lo report\u00f3 el director de Protecci\u00f3n Civil (PC), Jorge Galindo, quien detall\u00f3 que el siniestro se registr\u00f3 en sentido Caracas, \u00a0donde fue hallado [&hellip;]<\/p>\n","protected":false},"author":2,"featured_media":65890,"comment_status":"closed","ping_status":"closed","sticky":false,"template":"","format":"standard","meta":{"footnotes":""},"categories":[13],"tags":[],"class_list":{"0":"post-65889","1":"post","2":"type-post","3":"status-publish","4":"format-standard","5":"has-post-thumbnail","7":"category-sucesos"},"_links":{"self":[{"href":"https:\/\/elluchador.info\/index.php?rest_route=\/wp\/v2\/posts\/65889","targetHints":{"allow":["GET"]}}],"collection":[{"href":"https:\/\/elluchador.info\/index.php?rest_route=\/wp\/v2\/posts"}],"about":[{"href":"https:\/\/elluchador.info\/index.php?rest_route=\/wp\/v2\/types\/post"}],"author":[{"embeddable":true,"href":"https:\/\/elluchador.info\/index.php?rest_route=\/wp\/v2\/users\/2"}],"replies":[{"embeddable":true,"href":"https:\/\/elluchador.info\/index.php?rest_route=%2Fwp%2Fv2%2Fcomments&post=65889"}],"version-history":[{"count":0,"href":"https:\/\/elluchador.info\/index.php?rest_route=\/wp\/v2\/posts\/65889\/revisions"}],"wp:featuredmedia":[{"embeddable":true,"href":"https:\/\/elluchador.info\/index.php?rest_route=\/wp\/v2\/media\/65890"}],"wp:attachment":[{"href":"https:\/\/elluchador.info\/index.php?rest_route=%2Fwp%2Fv2%2Fmedia&parent=65889"}],"wp:term":[{"taxonomy":"category","embeddable":true,"href":"https:\/\/elluchador.info\/index.php?rest_route=%2Fwp%2Fv2%2Fcategories&post=65889"},{"taxonomy":"post_tag","embeddable":true,"href":"https:\/\/elluchador.info\/index.php?rest_route=%2Fwp%2Fv2%2Ftags&post=65889"}],"curies":[{"name":"wp","href":"https:\/\/api.w.org\/{rel}","templated":true}]}}