{"id":91868,"date":"2017-11-07T21:40:01","date_gmt":"2017-11-07T21:40:01","guid":{"rendered":"http:\/\/elluchador.info\/web\/?p=91868"},"modified":"2017-11-07T21:40:01","modified_gmt":"2017-11-07T21:40:01","slug":"abogados-presentaran-plan-para-ayudar-a-comunidades-al-ejecutivo-regional","status":"publish","type":"post","link":"https:\/\/elluchador.info\/?p=91868","title":{"rendered":"Abogados presentar\u00e1n plan para ayudar a comunidades al Ejecutivo regional"},"content":{"rendered":"<p>En representaci\u00f3n de un grupo de al menos 300 abogados afectos a la revoluci\u00f3n bolivariana en el estado Bol\u00edvar los juristas Carlos Aguilar, Roraima Chavero, Carlos Guiliani y Wilmer Machado informaron que en la actualidad est\u00e1n realizando un plan estrat\u00e9gico que incluye un cronograma de actividades aplicables en todos los municipios, y \u00e9ste ser\u00e1 presentado al gobernador Justo Noguera en los pr\u00f3ximos d\u00edas.<\/p>\n<p>Seg\u00fan explica, el objetivo de este plan es establecer grupos de abogados y profesionales dentro de las comisionadur\u00edas de cada municipio \u00a0para ayudar en la soluci\u00f3n de problemas a los ciudadanos de escasos recursos en materia jur\u00eddica y a la vez para que la Gobernaci\u00f3n tenga presencia activa y social\u00a0 en las comunidades. RM<\/p>\n<p>&nbsp;<\/p>\n","protected":false},"excerpt":{"rendered":"<p>En representaci\u00f3n de un grupo de al menos 300 abogados afectos a la revoluci\u00f3n bolivariana en el estado Bol\u00edvar los juristas Carlos Aguilar, Roraima Chavero, Carlos Guiliani y Wilmer Machado informaron que en la actualidad est\u00e1n realizando un plan estrat\u00e9gico que incluye un cronograma de actividades aplicables en todos los municipios, y \u00e9ste ser\u00e1 presentado [&hellip;]<\/p>\n","protected":false},"author":2,"featured_media":91869,"comment_status":"closed","ping_status":"closed","sticky":false,"template":"","format":"standard","meta":{"footnotes":""},"categories":[21],"tags":[],"class_list":{"0":"post-91868","1":"post","2":"type-post","3":"status-publish","4":"format-standard","5":"has-post-thumbnail","7":"category-visita-a-la-redaccion"},"_links":{"self":[{"href":"https:\/\/elluchador.info\/index.php?rest_route=\/wp\/v2\/posts\/91868","targetHints":{"allow":["GET"]}}],"collection":[{"href":"https:\/\/elluchador.info\/index.php?rest_route=\/wp\/v2\/posts"}],"about":[{"href":"https:\/\/elluchador.info\/index.php?rest_route=\/wp\/v2\/types\/post"}],"author":[{"embeddable":true,"href":"https:\/\/elluchador.info\/index.php?rest_route=\/wp\/v2\/users\/2"}],"replies":[{"embeddable":true,"href":"https:\/\/elluchador.info\/index.php?rest_route=%2Fwp%2Fv2%2Fcomments&post=91868"}],"version-history":[{"count":0,"href":"https:\/\/elluchador.info\/index.php?rest_route=\/wp\/v2\/posts\/91868\/revisions"}],"wp:featuredmedia":[{"embeddable":true,"href":"https:\/\/elluchador.info\/index.php?rest_route=\/wp\/v2\/media\/91869"}],"wp:attachment":[{"href":"https:\/\/elluchador.info\/index.php?rest_route=%2Fwp%2Fv2%2Fmedia&parent=91868"}],"wp:term":[{"taxonomy":"category","embeddable":true,"href":"https:\/\/elluchador.info\/index.php?rest_route=%2Fwp%2Fv2%2Fcategories&post=91868"},{"taxonomy":"post_tag","embeddable":true,"href":"https:\/\/elluchador.info\/index.php?rest_route=%2Fwp%2Fv2%2Ftags&post=91868"}],"curies":[{"name":"wp","href":"https:\/\/api.w.org\/{rel}","templated":true}]}}