{"id":91876,"date":"2017-11-08T12:32:13","date_gmt":"2017-11-08T12:32:13","guid":{"rendered":"http:\/\/elluchador.info\/web\/?p=91876"},"modified":"2017-11-08T12:32:13","modified_gmt":"2017-11-08T12:32:13","slug":"henri-falcon-la-mud-cumplio-un-ciclo-y-debe-buscar-un-cambio","status":"publish","type":"post","link":"https:\/\/elluchador.info\/?p=91876","title":{"rendered":"Henri Falc\u00f3n: La MUD cumpli\u00f3 un ciclo y debe buscar un cambio"},"content":{"rendered":"<h4>El presidente de Avanzada Progresista propone una alianza que incluya gremios y organizaciones sociales<\/h4>\n<p>Henri Falc\u00f3n, presidente de Avanzada Progresista, afirm\u00f3 este mi\u00e9rcoles que la Mesa de la Unidad Democr\u00e1tica \u00abcumpli\u00f3 un ciclo\u00bb y por lo tanto se debe buscar un cambio.<\/p>\n<p>En entrevista ofrecida a Globovisi\u00f3n, en el ex gobernador de Lara propuso que se cree una nueva alianza que incluya no solo sectores pol\u00edticos, sino sociales como gremios y organizaciones que defiendan los derechos de la mujer y del ambiente.<\/p>\n<p>\u00abAqu\u00ed, hoy m\u00e1s que nunca, hacen falta niveles de concertaci\u00f3n, conciliaci\u00f3n, para abordar los problemas reales del pa\u00eds\u00bb, indic\u00f3.<\/p>\n<p>Falc\u00f3n asegur\u00f3 que lo que se conoci\u00f3 como \u00abuna gran unidad\u00bb termin\u00f3 en un grupo de cuatro partidos que tomaban las decisiones de la coalici\u00f3n. Se\u00f1al\u00f3 que, al final, oper\u00f3 la exclusi\u00f3n de las otras organizaciones pol\u00edticas.<\/p>\n<p>\u00abEsas son las cosas que, lejos de fortalecer un criterio amplio hacia el pa\u00eds, lo que traen son m\u00e1s frustraciones y desesperanza\u00bb, agreg\u00f3.<\/p>\n<p>Sostuvo que hay que plantear una unidad superior, que \u00absea influyente, activa y abierta\u00bb.<\/p>\n<p>&nbsp;<\/p>\n<p>&nbsp;<\/p>\n<p>&nbsp;<\/p>\n<p>V\u00eda:\u00a0<a href=\"http:\/\/www.el-nacional.com\/noticias\/oposicion\/henri-falcon-mud-cumplio-ciclo-debe-buscar-cambio_210866\">El Nacional<\/a><\/p>\n","protected":false},"excerpt":{"rendered":"<p>El presidente de Avanzada Progresista propone una alianza que incluya gremios y organizaciones sociales Henri Falc\u00f3n, presidente de Avanzada Progresista, afirm\u00f3 este mi\u00e9rcoles que la Mesa de la Unidad Democr\u00e1tica \u00abcumpli\u00f3 un ciclo\u00bb y por lo tanto se debe buscar un cambio. En entrevista ofrecida a Globovisi\u00f3n, en el ex gobernador de Lara propuso que [&hellip;]<\/p>\n","protected":false},"author":2,"featured_media":91880,"comment_status":"closed","ping_status":"closed","sticky":false,"template":"","format":"standard","meta":{"footnotes":""},"categories":[11],"tags":[],"class_list":{"0":"post-91876","1":"post","2":"type-post","3":"status-publish","4":"format-standard","5":"has-post-thumbnail","7":"category-politica"},"_links":{"self":[{"href":"https:\/\/elluchador.info\/index.php?rest_route=\/wp\/v2\/posts\/91876","targetHints":{"allow":["GET"]}}],"collection":[{"href":"https:\/\/elluchador.info\/index.php?rest_route=\/wp\/v2\/posts"}],"about":[{"href":"https:\/\/elluchador.info\/index.php?rest_route=\/wp\/v2\/types\/post"}],"author":[{"embeddable":true,"href":"https:\/\/elluchador.info\/index.php?rest_route=\/wp\/v2\/users\/2"}],"replies":[{"embeddable":true,"href":"https:\/\/elluchador.info\/index.php?rest_route=%2Fwp%2Fv2%2Fcomments&post=91876"}],"version-history":[{"count":0,"href":"https:\/\/elluchador.info\/index.php?rest_route=\/wp\/v2\/posts\/91876\/revisions"}],"wp:featuredmedia":[{"embeddable":true,"href":"https:\/\/elluchador.info\/index.php?rest_route=\/wp\/v2\/media\/91880"}],"wp:attachment":[{"href":"https:\/\/elluchador.info\/index.php?rest_route=%2Fwp%2Fv2%2Fmedia&parent=91876"}],"wp:term":[{"taxonomy":"category","embeddable":true,"href":"https:\/\/elluchador.info\/index.php?rest_route=%2Fwp%2Fv2%2Fcategories&post=91876"},{"taxonomy":"post_tag","embeddable":true,"href":"https:\/\/elluchador.info\/index.php?rest_route=%2Fwp%2Fv2%2Ftags&post=91876"}],"curies":[{"name":"wp","href":"https:\/\/api.w.org\/{rel}","templated":true}]}}